{"id":4322,"date":"2025-12-18T09:35:43","date_gmt":"2025-12-18T09:35:43","guid":{"rendered":"https:\/\/bcircular.lu\/?p=4322"},"modified":"2025-12-18T09:36:05","modified_gmt":"2025-12-18T09:36:05","slug":"b-circular-erweitert-sein-angebot-auf-drei-neue-produktkategorien","status":"publish","type":"post","link":"https:\/\/bcircular.lu\/de\/b-circular-erweitert-sein-angebot-auf-drei-neue-produktkategorien\/","title":{"rendered":"b.circular erweitert sein Angebot auf drei neue Produktkategorien"},"content":{"rendered":"\n<p>Die Plattform b.circular entwickelt sich kontinuierlich weiter, um \u00f6ffentliche und private Akteure bei verantwortungsvollen Einkaufspraktiken zu unterst\u00fctzen. Seit ihrem offiziellen Start am 6. Juni 2025 w\u00e4hrend des Klimapakttag begleitet b.circular bereits die Nutzer bei der Integration von Umwelt-, Sozial- und Kreislaufkriterien f\u00fcr Kategorien wie B\u00fcroeinrichtung, B\u00fcrobedarf und IT-Ausr\u00fcstung.<br>Um den wachsenden Bedarf von Gemeinden, Unternehmen und Organisationen nach nachhaltigeren Eink\u00e4ufen zu decken, f\u00fchrt die Plattform nun drei neue Produktkategorien ein. Diese Erweiterung vergr\u00f6\u00dfert die Anwendbarkeit von b.circular und bietet den Nutzer zus\u00e4tzliche Werkzeuge f\u00fcr verantwortungsvolle Einkaufsentscheidungen.<\/p>\n\n\n\n<h2 class=\"wp-block-heading\">Die neuen integrierten Kategorien sind:<\/h2>\n\n\n\n<div class=\"wp-block-media-text is-stacked-on-mobile\" style=\"grid-template-columns:39% auto\"><figure class=\"wp-block-media-text__media\"><img loading=\"lazy\" decoding=\"async\" width=\"591\" height=\"591\" src=\"https:\/\/bcircular.lu\/wp-content\/uploads\/2025\/12\/B-circular_Pictos_rvb_CATEGORIE_Textiles-degra.png\" alt=\"\" class=\"wp-image-4306 size-full\" srcset=\"https:\/\/bcircular.lu\/wp-content\/uploads\/2025\/12\/B-circular_Pictos_rvb_CATEGORIE_Textiles-degra.png 591w, https:\/\/bcircular.lu\/wp-content\/uploads\/2025\/12\/B-circular_Pictos_rvb_CATEGORIE_Textiles-degra-300x300.png 300w, https:\/\/bcircular.lu\/wp-content\/uploads\/2025\/12\/B-circular_Pictos_rvb_CATEGORIE_Textiles-degra-150x150.png 150w\" sizes=\"auto, (max-width: 591px) 100vw, 591px\" \/><\/figure><div class=\"wp-block-media-text__content\">\n<p><strong>Textilien: <\/strong>Dazu z\u00e4hlen Kleidung, Polsterstoffe und wiederverwendbare Reinigungstextilien. Die wichtigsten Nachhaltigkeitskriterien umfassen u.\u202fa. die Wahl nachhaltiger Materialien (biologische oder recycelte Fasern), die Reduktion des Wasser- und Chemikalienverbrauchs, soziale Verantwortung entlang der gesamten Wertsch\u00f6pfungskette sowie die Langlebigkeit der Produkte. F\u00fcr Lederprodukte ist zudem das Tierwohl wichtig.<\/p>\n<\/div><\/div>\n\n\n\n<div class=\"wp-block-media-text has-media-on-the-right is-stacked-on-mobile is-vertically-aligned-center\" style=\"grid-template-columns:auto 40%\"><div class=\"wp-block-media-text__content\">\n<p class=\"has-text-align-left\"><strong>Reinigungs- und Waschmittel:<\/strong> Umfasst Reinigungsmittel f\u00fcr verschiedene harte Oberfl\u00e4chen, Geschirrsp\u00fclmittel sowie Waschmittel. Zu den zentralen Nachhaltigkeitskriterien geh\u00f6ren strenge Beschr\u00e4nkungen gef\u00e4hrlicher Stoffe, strenge Grenzwerte f\u00fcr die Toxizit\u00e4t gegen\u00fcber Wasserorganismen sowie die Beschaffung von Rohstoffen aus nachhaltigen Quellen. Au\u00dferdem sollten die Verpackungen nachf\u00fcllbar, wiederverwendbar und idealerweise in ein R\u00fccknahmesystem integriert sein.<\/p>\n<\/div><figure class=\"wp-block-media-text__media\"><img loading=\"lazy\" decoding=\"async\" width=\"591\" height=\"591\" src=\"https:\/\/bcircular.lu\/wp-content\/uploads\/2025\/12\/B-circular_Pictos_rvb_CATEGORIE_Entretien-Nettoyage-degra.png\" alt=\"\" class=\"wp-image-4309 size-full\" srcset=\"https:\/\/bcircular.lu\/wp-content\/uploads\/2025\/12\/B-circular_Pictos_rvb_CATEGORIE_Entretien-Nettoyage-degra.png 591w, https:\/\/bcircular.lu\/wp-content\/uploads\/2025\/12\/B-circular_Pictos_rvb_CATEGORIE_Entretien-Nettoyage-degra-300x300.png 300w, https:\/\/bcircular.lu\/wp-content\/uploads\/2025\/12\/B-circular_Pictos_rvb_CATEGORIE_Entretien-Nettoyage-degra-150x150.png 150w\" sizes=\"auto, (max-width: 591px) 100vw, 591px\" \/><\/figure><\/div>\n\n\n\n<div class=\"wp-block-media-text is-stacked-on-mobile is-vertically-aligned-center\" style=\"grid-template-columns:40% auto\"><figure class=\"wp-block-media-text__media\"><img loading=\"lazy\" decoding=\"async\" width=\"591\" height=\"591\" src=\"https:\/\/bcircular.lu\/wp-content\/uploads\/2025\/12\/B-circular_Pictos_rvb_CATEGORIE_Alimentation-degra.png\" alt=\"\" class=\"wp-image-4312 size-full\" srcset=\"https:\/\/bcircular.lu\/wp-content\/uploads\/2025\/12\/B-circular_Pictos_rvb_CATEGORIE_Alimentation-degra.png 591w, https:\/\/bcircular.lu\/wp-content\/uploads\/2025\/12\/B-circular_Pictos_rvb_CATEGORIE_Alimentation-degra-300x300.png 300w, https:\/\/bcircular.lu\/wp-content\/uploads\/2025\/12\/B-circular_Pictos_rvb_CATEGORIE_Alimentation-degra-150x150.png 150w\" sizes=\"auto, (max-width: 591px) 100vw, 591px\" \/><\/figure><div class=\"wp-block-media-text__content\">\n<p><strong>Lebensmittel:<\/strong> Beinhaltet Lebensmittel und Getr\u00e4nke. Die ausgew\u00e4hlten Kriterien beziehen sich auf biologische oder nachhaltige Produktion, fairen Handel sowie die Nutzung lokaler und regionaler Wertsch\u00f6pfungsketten.<\/p>\n\n\n\n<p><\/p>\n<\/div><\/div>\n\n\n\n<p>Mit der Integration dieser neuen Kategorien st\u00e4rkt b.circular seine Mission: nachhaltige und zirkul\u00e4re Beschaffungen zug\u00e4nglich, praxisnah und an unterschiedliche Bed\u00fcrfnisse angepasst zu machen und lokale Akteure in ihrem \u00dcbergang zu verantwortungsvolleren Einkaufspraktiken zu unterst\u00fctzen.<\/p>\n\n\n\n<p>Entdecken Sie jetzt die drei neuen Kategorien im b.circular-Katalog und integrieren Sie sie in Ihre Einkaufsprozesse.<\/p>\n\n\n\n<p><\/p>\n","protected":false},"excerpt":{"rendered":"<p>Die Plattform b.circular entwickelt sich kontinuierlich weiter, um \u00f6ffentliche und private Akteure bei verantwortungsvollen Einkaufspraktiken zu unterst\u00fctzen. Seit ihrem offiziellen Start am 6. Juni 2025 w\u00e4hrend des Klimapakttag begleitet b.circular bereits die Nutzer bei der Integration von Umwelt-, Sozial- und Kreislaufkriterien f\u00fcr Kategorien wie B\u00fcroeinrichtung, B\u00fcrobedarf und IT-Ausr\u00fcstung.Um den wachsenden Bedarf von Gemeinden, Unternehmen und [&hellip;]<\/p>\n","protected":false},"author":2,"featured_media":4317,"comment_status":"open","ping_status":"open","sticky":false,"template":"","format":"standard","meta":{"_acf_changed":false,"footnotes":""},"categories":[205],"tags":[],"class_list":["post-4322","post","type-post","status-publish","format-standard","has-post-thumbnail","hentry","category-news-de"],"acf":[],"_links":{"self":[{"href":"https:\/\/bcircular.lu\/de\/wp-json\/wp\/v2\/posts\/4322","targetHints":{"allow":["GET"]}}],"collection":[{"href":"https:\/\/bcircular.lu\/de\/wp-json\/wp\/v2\/posts"}],"about":[{"href":"https:\/\/bcircular.lu\/de\/wp-json\/wp\/v2\/types\/post"}],"author":[{"embeddable":true,"href":"https:\/\/bcircular.lu\/de\/wp-json\/wp\/v2\/users\/2"}],"replies":[{"embeddable":true,"href":"https:\/\/bcircular.lu\/de\/wp-json\/wp\/v2\/comments?post=4322"}],"version-history":[{"count":1,"href":"https:\/\/bcircular.lu\/de\/wp-json\/wp\/v2\/posts\/4322\/revisions"}],"predecessor-version":[{"id":4323,"href":"https:\/\/bcircular.lu\/de\/wp-json\/wp\/v2\/posts\/4322\/revisions\/4323"}],"wp:featuredmedia":[{"embeddable":true,"href":"https:\/\/bcircular.lu\/de\/wp-json\/wp\/v2\/media\/4317"}],"wp:attachment":[{"href":"https:\/\/bcircular.lu\/de\/wp-json\/wp\/v2\/media?parent=4322"}],"wp:term":[{"taxonomy":"category","embeddable":true,"href":"https:\/\/bcircular.lu\/de\/wp-json\/wp\/v2\/categories?post=4322"},{"taxonomy":"post_tag","embeddable":true,"href":"https:\/\/bcircular.lu\/de\/wp-json\/wp\/v2\/tags?post=4322"}],"curies":[{"name":"wp","href":"https:\/\/api.w.org\/{rel}","templated":true}]}}